{"id":1185,"date":"2023-07-14T09:18:22","date_gmt":"2023-07-14T12:18:22","guid":{"rendered":"https:\/\/silviarivas.com\/?p=1185"},"modified":"2024-03-24T10:48:23","modified_gmt":"2024-03-24T13:48:23","slug":"prensa","status":"publish","type":"post","link":"https:\/\/silviarivas.com\/en\/prensa\/","title":{"rendered":"Press"},"content":{"rendered":"<div data-elementor-type=\"wp-post\" data-elementor-id=\"1185\" class=\"elementor elementor-1185\" data-elementor-post-type=\"post\">\n\t\t\t\t\t\t\t\t\t<section class=\"has_eae_slider elementor-section elementor-top-section elementor-element elementor-element-65731cc elementor-section-full_width elementor-section-height-default elementor-section-height-default\" data-eae-slider=\"96014\" data-id=\"65731cc\" data-element_type=\"section\">\n\t\t\t\t\t\t<div class=\"elementor-container elementor-column-gap-default\">\n\t\t\t\t\t<div class=\"has_eae_slider elementor-column elementor-col-50 elementor-top-column elementor-element elementor-element-3056856\" data-eae-slider=\"28970\" data-id=\"3056856\" data-element_type=\"column\">\n\t\t\t<div class=\"elementor-widget-wrap elementor-element-populated\">\n\t\t\t\t\t\t\t\t<div class=\"elementor-element elementor-element-2a72838 listado elementor-widget elementor-widget-text-editor\" data-id=\"2a72838\" data-element_type=\"widget\" data-widget_type=\"text-editor.default\">\n\t\t\t\t<div class=\"elementor-widget-container\">\n\t\t\t<style>\/*! elementor - v3.17.0 - 08-11-2023 *\/\n.elementor-widget-text-editor.elementor-drop-cap-view-stacked .elementor-drop-cap{background-color:#69727d;color:#fff}.elementor-widget-text-editor.elementor-drop-cap-view-framed .elementor-drop-cap{color:#69727d;border:3px solid;background-color:transparent}.elementor-widget-text-editor:not(.elementor-drop-cap-view-default) .elementor-drop-cap{margin-top:8px}.elementor-widget-text-editor:not(.elementor-drop-cap-view-default) .elementor-drop-cap-letter{width:1em;height:1em}.elementor-widget-text-editor .elementor-drop-cap{float:left;text-align:center;line-height:1;font-size:50px}.elementor-widget-text-editor .elementor-drop-cap-letter{display:inline-block}<\/style>\t\t\t\t<p>\u00a0<\/p><ul><li style=\"background-image: url('\/wp-content\/uploads\/2023\/08\/minus-bullet-regular-grey.svg'); background-size: 1.6rem 1.6rem; line-height: 1.5;\"><a href=\"https:\/\/silviarivas.com\/wp-content\/uploads\/2019\/09\/2019-Silvia-Rivas.-Un-puente-entre-Lessing-y-el-discurso-de-lo-actual-Por-Ana-Marti%CC%81nez-Quijano-para-A%CC%81mbito-financiero.pdf\" target=\"_blank\" rel=\"noopener\"><span style=\"font-weight: bolder;\">Silvia Rivas: un puente entre Lessing y el discurso de lo actual<\/span><\/a><br \/><span style=\"font-size: 14px;\">Ana Mar\u00eda Quijano. \u00c1mbito Financiero, 2019<\/span><\/li><li style=\"background-image: url('\/wp-content\/uploads\/2023\/08\/minus-bullet-regular-grey.svg'); background-size: 1.6rem 1.6rem; line-height: 1.5;\"><span style=\"font-size: large;\"><b><a href=\"https:\/\/silviarivas.com\/wp-content\/uploads\/2019\/09\/2019-Impulso-y-dinamismo-en-la-quietud-Por-Ana-Mari%CC%81a-Battistozzi-para-Revista-N%CC%83-1.pdf\">Impulso y dinamismo en la quietud<\/a><\/b><\/span><br \/><span style=\"font-size: 14px;\">Ana Mar\u00eda Battistozzi. Revista \u00d1, 2019<\/span><\/li><li style=\"background-image: url('\/wp-content\/uploads\/2023\/08\/minus-bullet-regular-grey.svg'); background-size: 1.6rem 1.6rem; line-height: 1.5;\"><a href=\"https:\/\/silviarivas.com\/wp-content\/uploads\/2019\/09\/2018-Bogota%CC%81-busca-dejar-su-marca-en-el-mercado-de-arte-de-la-regio%CC%81n-Por-Eduardo-Villar-para-Revista-N%CC%83.pdf\" target=\"_blank\" rel=\"noopener\"><span style=\"font-weight: bolder;\">Bogot\u00e1 busca dejar su marca en el mercado de arte de la regi\u00f3n<\/span><\/a><br \/><span style=\"font-size: 14px;\">Eduardo Villar. Clar\u00edn, 2018<\/span><\/li><li style=\"background-image: url('\/wp-content\/uploads\/2023\/08\/minus-bullet-regular-grey.svg'); background-size: 1.6rem 1.6rem; line-height: 1.5;\"><a href=\"https:\/\/silviarivas.com\/wp-content\/uploads\/2019\/09\/2017-Silvia-Rivas-un-libro-que-recorre-su-obra-Arte-Online.pdf\"><span style=\"font-weight: bolder; background-color: transparent; box-shadow: none;\">Silvia Rivas, un libro que recorre su obra<\/span><br \/><\/a><span style=\"font-size: 14px;\">Arte Online. 2017<\/span><\/li><li style=\"background-image: url('\/wp-content\/uploads\/2023\/08\/minus-bullet-regular-grey.svg'); background-size: 1.6rem 1.6rem; line-height: 1.5;\"><a href=\"https:\/\/silviarivas.com\/wp-content\/uploads\/2019\/09\/2015-Momentum-en-Rolf-Art-Por-Marcela-Costa-Peuser-para-Arte-Online.pdf\"><span style=\"font-weight: bolder; background-color: transparent; box-shadow: none;\">\u00abMomentum\u00bb en Rolf<\/span><br \/><\/a><span style=\"font-size: 14px;\">Marcela Costa Peuser. Arte Online, 2015<\/span><\/li><li style=\"background-image: url('\/wp-content\/uploads\/2023\/08\/minus-bullet-regular-grey.svg'); background-size: 1.6rem 1.6rem; line-height: 1.5;\"><a href=\"https:\/\/silviarivas.com\/wp-content\/uploads\/2019\/09\/2015-Algo-que-esta%CC%81-por-ocurrir-Por-Ana-Battistozzi-para-Revista-N%CC%83-versio%CC%81n-digital.pdf\"><span style=\"font-weight: bolder; background-color: transparent; box-shadow: none;\">Algo que est\u00e1 por ocurrir<\/span><br \/><\/a><span style=\"font-size: 14px;\">Clar\u00edn, 2015<\/span><\/li><li style=\"background-image: url('\/wp-content\/uploads\/2023\/08\/minus-bullet-regular-grey.svg'); background-size: 1.6rem 1.6rem; line-height: 1.5;\"><a href=\"https:\/\/silviarivas.com\/wp-content\/uploads\/2019\/09\/2015-Agua-como-cuerpo-Por-Mercedes-Casanegra-para-El-gran-otro-versio%CC%81n-digital.pdf\"><span style=\"font-weight: bolder; background-color: transparent; box-shadow: none;\">Silvia Rivas: El agua como cuerpo<\/span><br \/><\/a><span style=\"font-size: 14px;\">Mercedes Casanegra. El gran otro, 2016<\/span><\/li><li style=\"background-image: url('\/wp-content\/uploads\/2023\/08\/minus-bullet-regular-grey.svg'); background-size: 1.6rem 1.6rem; line-height: 1.5;\"><a href=\"https:\/\/silviarivas.com\/wp-content\/uploads\/2019\/09\/2015-A-la-caza-de-lo-inasible-Por-Cristina-Civale-para-Pa%CC%81gina-12-versio%CC%81n-digital.pdf\"><span style=\"font-weight: bolder; background-color: transparent; box-shadow: none;\">A la caza de lo inasible<\/span><br \/><\/a><span style=\"font-size: 14px;\">Cristina Civale. P\u00e1gina 12, 2015<\/span><\/li><li style=\"background-image: url('\/wp-content\/uploads\/2023\/08\/minus-bullet-regular-grey.svg'); background-size: 1.6rem 1.6rem; line-height: 1.5;\"><a href=\"https:\/\/silviarivas.com\/wp-content\/uploads\/2019\/09\/2014-En-Rivas-lo-banal-dispara-un-abanico-de-significados-Ana-Quijano-para-A%CC%81mbito-financiero.pdf\" target=\"_blank\" rel=\"noopener\"><span style=\"font-weight: bolder;\">En Rivas, lo banal dispara un abanico de significados<\/span><\/a><br \/><span style=\"font-size: 14px;\">Ana Mart\u00ednez Quijano. \u00c1mbito financiero, 2014<\/span><\/li><li style=\"background-image: url('\/wp-content\/uploads\/2023\/08\/minus-bullet-regular-grey.svg'); background-size: 1.6rem 1.6rem; line-height: 1.5;\"><a href=\"https:\/\/silviarivas.com\/wp-content\/uploads\/2019\/09\/2013-Silvia-Rivas-en-La-Boca-la-abstraccio%CC%81n-del-trazo-Ana-Quijano-para-A%CC%81mbito-financiero.pdf\"><span style=\"font-weight: bolder; background-color: transparent; box-shadow: none;\">Silvia Rivas en La Boca, la abstracci\u00f3n del trazo<\/span><br \/><\/a><span style=\"font-size: 14px;\">Ana Mart\u00ednez Quijano. Ambito financiero, 2013<\/span><\/li><\/ul>\t\t\t\t\t\t<\/div>\n\t\t\t\t<\/div>\n\t\t\t\t\t<\/div>\n\t\t<\/div>\n\t\t\t\t<div class=\"has_eae_slider elementor-column elementor-col-50 elementor-top-column elementor-element elementor-element-c672dfc\" data-eae-slider=\"84832\" data-id=\"c672dfc\" data-element_type=\"column\">\n\t\t\t<div class=\"elementor-widget-wrap\">\n\t\t\t\t\t\t\t\t\t<\/div>\n\t\t<\/div>\n\t\t\t\t\t\t\t<\/div>\n\t\t<\/section>\n\t\t\t\t\t\t\t<\/div>","protected":false},"excerpt":{"rendered":"<p>\u00a0 Silvia Rivas: un puente entre Lessing y el discurso de lo actualAna Mar\u00eda Quijano. \u00c1mbito Financiero, 2019 Impulso y dinamismo en la quietudAna Mar\u00eda Battistozzi. Revista \u00d1, 2019 Bogot\u00e1 busca dejar su marca en el mercado de arte de la regi\u00f3nEduardo Villar. Clar\u00edn, 2018 Silvia Rivas, un libro que recorre su obraArte Online. 2017 [&hellip;]<\/p>","protected":false},"author":1,"featured_media":4994,"comment_status":"closed","ping_status":"closed","sticky":false,"template":"","format":"standard","meta":{"footnotes":""},"categories":[15],"tags":[],"class_list":["post-1185","post","type-post","status-publish","format-standard","has-post-thumbnail","hentry","category-editorial"],"_links":{"self":[{"href":"https:\/\/silviarivas.com\/en\/wp-json\/wp\/v2\/posts\/1185","targetHints":{"allow":["GET"]}}],"collection":[{"href":"https:\/\/silviarivas.com\/en\/wp-json\/wp\/v2\/posts"}],"about":[{"href":"https:\/\/silviarivas.com\/en\/wp-json\/wp\/v2\/types\/post"}],"author":[{"embeddable":true,"href":"https:\/\/silviarivas.com\/en\/wp-json\/wp\/v2\/users\/1"}],"replies":[{"embeddable":true,"href":"https:\/\/silviarivas.com\/en\/wp-json\/wp\/v2\/comments?post=1185"}],"version-history":[{"count":47,"href":"https:\/\/silviarivas.com\/en\/wp-json\/wp\/v2\/posts\/1185\/revisions"}],"predecessor-version":[{"id":5343,"href":"https:\/\/silviarivas.com\/en\/wp-json\/wp\/v2\/posts\/1185\/revisions\/5343"}],"wp:featuredmedia":[{"embeddable":true,"href":"https:\/\/silviarivas.com\/en\/wp-json\/wp\/v2\/media\/4994"}],"wp:attachment":[{"href":"https:\/\/silviarivas.com\/en\/wp-json\/wp\/v2\/media?parent=1185"}],"wp:term":[{"taxonomy":"category","embeddable":true,"href":"https:\/\/silviarivas.com\/en\/wp-json\/wp\/v2\/categories?post=1185"},{"taxonomy":"post_tag","embeddable":true,"href":"https:\/\/silviarivas.com\/en\/wp-json\/wp\/v2\/tags?post=1185"}],"curies":[{"name":"wp","href":"https:\/\/api.w.org\/{rel}","templated":true}]}}